{"id":72249,"date":"2023-10-10T22:04:00","date_gmt":"2023-10-10T22:04:00","guid":{"rendered":"https:\/\/artevivoglobal.sprenderstudio.com\/?p=72249"},"modified":"2025-09-22T22:10:40","modified_gmt":"2025-09-22T22:10:40","slug":"gallery-night-inauguracion-artevivo","status":"publish","type":"post","link":"https:\/\/artevivoglobal.com\/en\/gallery-night-inauguracion-artevivo\/","title":{"rendered":"Gallery Night: inauguraci\u00f3n Artevivo"},"content":{"rendered":"<p class=\"has-text-align-center\">Florida vivi\u00f3 una noche \u00fanica con el evento&nbsp;<em>Gallery Night<\/em>&nbsp;en Coral Gables. Con orgullo, inauguramos nuestra galer\u00eda en&nbsp;<em>The Plaza Coral Gables<\/em>&nbsp;junto al Mayor Vince Lago, quien nos acompa\u00f1\u00f3 en el simb\u00f3lico corte de list\u00f3n. Estamos felices de acercar el arte de una manera fresca y sustentable, creando una nueva experiencia art\u00edstica.&nbsp;<\/p>\n\n\n\n<p class=\"has-text-align-center\">Fue una noche inolvidable donde el arte se volvi\u00f3 accesible para todos. Si a\u00fan no conoces nuestra propuesta, \u00a1te esperamos en Palermo 111, Coral Gables, cada primer viernes del mes!<\/p>\n\n\n\n<figure class=\"wp-block-video\"><video height=\"720\" style=\"aspect-ratio: 1280 \/ 720;\" width=\"1280\" controls src=\"https:\/\/artevivoglobal.com\/wp-content\/uploads\/2025\/09\/Apertura-Gallery-Night.mp4\"><\/video><\/figure>","protected":false},"excerpt":{"rendered":"<p>Florida vivi\u00f3 una noche \u00fanica con el evento&nbsp;Gallery Night&nbsp;en Coral Gables. Con orgullo, inauguramos nuestra galer\u00eda en&nbsp;The Plaza Coral Gables&nbsp;junto al Mayor Vince Lago, quien nos acompa\u00f1\u00f3 en el simb\u00f3lico corte de list\u00f3n. Estamos felices de acercar el arte de una manera fresca y sustentable, creando una nueva experiencia art\u00edstica.&nbsp; Fue una noche inolvidable donde [&hellip;]<\/p>","protected":false},"author":1,"featured_media":71786,"comment_status":"open","ping_status":"closed","sticky":false,"template":"","format":"standard","meta":{"_et_pb_use_builder":"off","_et_pb_old_content":"","_et_gb_content_width":"","footnotes":""},"categories":[1],"tags":[],"class_list":["post-72249","post","type-post","status-publish","format-standard","has-post-thumbnail","hentry","category-uncategorized"],"_links":{"self":[{"href":"https:\/\/artevivoglobal.com\/en\/wp-json\/wp\/v2\/posts\/72249","targetHints":{"allow":["GET"]}}],"collection":[{"href":"https:\/\/artevivoglobal.com\/en\/wp-json\/wp\/v2\/posts"}],"about":[{"href":"https:\/\/artevivoglobal.com\/en\/wp-json\/wp\/v2\/types\/post"}],"author":[{"embeddable":true,"href":"https:\/\/artevivoglobal.com\/en\/wp-json\/wp\/v2\/users\/1"}],"replies":[{"embeddable":true,"href":"https:\/\/artevivoglobal.com\/en\/wp-json\/wp\/v2\/comments?post=72249"}],"version-history":[{"count":1,"href":"https:\/\/artevivoglobal.com\/en\/wp-json\/wp\/v2\/posts\/72249\/revisions"}],"predecessor-version":[{"id":72250,"href":"https:\/\/artevivoglobal.com\/en\/wp-json\/wp\/v2\/posts\/72249\/revisions\/72250"}],"wp:featuredmedia":[{"embeddable":true,"href":"https:\/\/artevivoglobal.com\/en\/wp-json\/wp\/v2\/media\/71786"}],"wp:attachment":[{"href":"https:\/\/artevivoglobal.com\/en\/wp-json\/wp\/v2\/media?parent=72249"}],"wp:term":[{"taxonomy":"category","embeddable":true,"href":"https:\/\/artevivoglobal.com\/en\/wp-json\/wp\/v2\/categories?post=72249"},{"taxonomy":"post_tag","embeddable":true,"href":"https:\/\/artevivoglobal.com\/en\/wp-json\/wp\/v2\/tags?post=72249"}],"curies":[{"name":"wp","href":"https:\/\/api.w.org\/{rel}","templated":true}]}}